{"id":4422,"date":"2024-05-27T09:59:19","date_gmt":"2024-05-27T07:59:19","guid":{"rendered":"https:\/\/ostschule.de\/schule\/?p=4422"},"modified":"2024-05-27T09:59:19","modified_gmt":"2024-05-27T07:59:19","slug":"erasmus-spanisch","status":"publish","type":"post","link":"https:\/\/ostschule.de\/schule\/erasmus-spanisch\/","title":{"rendered":"Erasmus+ Kurzzeitprojekt mit Benavente und Ibiza"},"content":{"rendered":"\r\n<div class=\"wp-block-cover has-background-dim alignwide\" style=\"background-image: url('https:\/\/cldup.com\/Fz-ASbo2s3.jpg')\">\r\n<div class=\"wp-block-cover__inner-container is-layout-flow wp-block-cover-is-layout-flow\">\r\n<p class=\"has-text-align-center has-white-color has-text-color has-large-font-size wp-block-paragraph\">Erasmus+ Kurzzeitprojekt mit Benavente und Ibiza<\/p>\r\n<\/div>\r\n<\/div>\r\n\r\n\r\n\r\n<p class=\"wp-block-paragraph\">&nbsp; &nbsp; &nbsp; &nbsp; &nbsp; &nbsp; &nbsp; &nbsp; &nbsp; <img loading=\"lazy\" decoding=\"async\" class=\"alignnone size-large wp-image-4420\" src=\"https:\/\/ostschule.de\/schule\/wp-content\/uploads\/2024\/05\/Lago-de-Sanabria-Foto-1024x768.jpg\" alt=\"\" width=\"790\" height=\"593\" srcset=\"https:\/\/ostschule.de\/schule\/wp-content\/uploads\/2024\/05\/Lago-de-Sanabria-Foto-1024x768.jpg 1024w, https:\/\/ostschule.de\/schule\/wp-content\/uploads\/2024\/05\/Lago-de-Sanabria-Foto-300x225.jpg 300w, https:\/\/ostschule.de\/schule\/wp-content\/uploads\/2024\/05\/Lago-de-Sanabria-Foto-768x576.jpg 768w, https:\/\/ostschule.de\/schule\/wp-content\/uploads\/2024\/05\/Lago-de-Sanabria-Foto-1536x1152.jpg 1536w, https:\/\/ostschule.de\/schule\/wp-content\/uploads\/2024\/05\/Lago-de-Sanabria-Foto-2048x1536.jpg 2048w\" sizes=\"auto, (max-width: 790px) 100vw, 790px\"><\/p>\r\n<p><img loading=\"lazy\" decoding=\"async\" class=\"alignnone size-large wp-image-4421\" src=\"https:\/\/ostschule.de\/schule\/wp-content\/uploads\/2024\/05\/Foto-Ibiza-1024x657.png\" alt=\"\" width=\"790\" height=\"507\" srcset=\"https:\/\/ostschule.de\/schule\/wp-content\/uploads\/2024\/05\/Foto-Ibiza-1024x657.png 1024w, https:\/\/ostschule.de\/schule\/wp-content\/uploads\/2024\/05\/Foto-Ibiza-300x193.png 300w, https:\/\/ostschule.de\/schule\/wp-content\/uploads\/2024\/05\/Foto-Ibiza-768x493.png 768w, https:\/\/ostschule.de\/schule\/wp-content\/uploads\/2024\/05\/Foto-Ibiza-1536x986.png 1536w, https:\/\/ostschule.de\/schule\/wp-content\/uploads\/2024\/05\/Foto-Ibiza.png 1932w\" sizes=\"auto, (max-width: 790px) 100vw, 790px\"><\/p>\r\n<p>Nachdem unsere spanischen G&auml;ste aus Benavente und Ibiza im M&auml;rz die Gesamtschule Gie&szlig;en-Ost besucht hatten, konnte nun der lang ersehnte R&uuml;ckbesuch unserer Sch&uuml;lerinnen und Sch&uuml;ler nach Spanien stattfinden. Der Fachbereich erhielt insgesamt 30.000 Euro f&uuml;r das Kurzzeitprojekt, das sich mit dem Klimawandel in Spanien besch&auml;ftigt. Vor Ort wurde die Gruppe sehr herzlich von den Gastfamilien unserer beiden Gastschulen IES Los Sauces in Benavente und IES Blanca Dona auf Ibiza empfangen. Auf dem Programm standen unter anderem Besuche der Naturschutzgebiete und St&auml;dte in n&auml;chster Umgebung. Der H&ouml;hepunkt des Aufenthaltes f&uuml;r eine Gruppe war ein Besuch in Madrid, bei dem die jungen Deutschen das spanische Flair der Hauptstadt genie&szlig;en konnten. Die Sch&uuml;lerinnen und Sch&uuml;ler, die am Austausch mit Ibiza teilnahmen, hatten die Gelegenheit, mit dem Boot nach Formentera zu fahren, um dort die Natur der Insel zu bewundern. Sicher bleiben aber die pers&ouml;nlichen Begegnungen mit den spanischen Familien und der Einblick in das doch im Vergleich zu Gie&szlig;en sehr unterschiedliche Alltagsleben der Jugendlichen am meisten in Erinnerung.<\/p>\r\n<p>Text und Bilder: Christiane Neu und Salvador Ort&iacute;z L&oacute;pez<\/p>\r\n<p>&nbsp;<\/p>","protected":false},"excerpt":{"rendered":"<p>\u00a0 \u00a0 \u00a0 \u00a0 \u00a0 \u00a0 \u00a0 \u00a0 \u00a0 Nachdem unsere spanischen G\u00e4ste aus Benavente und Ibiza im M\u00e4rz die Gesamtschule Gie\u00dfen-Ost besucht hatten, konnte nun der lang ersehnte R\u00fcckbesuch unserer Sch\u00fclerinnen und Sch\u00fcler nach Spanien stattfinden. Der Fachbereich erhielt insgesamt 30.000 Euro f\u00fcr das Kurzzeitprojekt, das sich mit dem&#8230;<\/p>\n","protected":false},"author":18,"featured_media":0,"comment_status":"closed","ping_status":"closed","sticky":false,"template":"","format":"standard","meta":{"_crdt_document":"","footnotes":""},"categories":[1],"tags":[],"class_list":["post-4422","post","type-post","status-publish","format-standard","hentry","category-allgemein"],"_links":{"self":[{"href":"https:\/\/ostschule.de\/schule\/wp-json\/wp\/v2\/posts\/4422","targetHints":{"allow":["GET"]}}],"collection":[{"href":"https:\/\/ostschule.de\/schule\/wp-json\/wp\/v2\/posts"}],"about":[{"href":"https:\/\/ostschule.de\/schule\/wp-json\/wp\/v2\/types\/post"}],"author":[{"embeddable":true,"href":"https:\/\/ostschule.de\/schule\/wp-json\/wp\/v2\/users\/18"}],"replies":[{"embeddable":true,"href":"https:\/\/ostschule.de\/schule\/wp-json\/wp\/v2\/comments?post=4422"}],"version-history":[{"count":1,"href":"https:\/\/ostschule.de\/schule\/wp-json\/wp\/v2\/posts\/4422\/revisions"}],"predecessor-version":[{"id":4423,"href":"https:\/\/ostschule.de\/schule\/wp-json\/wp\/v2\/posts\/4422\/revisions\/4423"}],"wp:attachment":[{"href":"https:\/\/ostschule.de\/schule\/wp-json\/wp\/v2\/media?parent=4422"}],"wp:term":[{"taxonomy":"category","embeddable":true,"href":"https:\/\/ostschule.de\/schule\/wp-json\/wp\/v2\/categories?post=4422"},{"taxonomy":"post_tag","embeddable":true,"href":"https:\/\/ostschule.de\/schule\/wp-json\/wp\/v2\/tags?post=4422"}],"curies":[{"name":"wp","href":"https:\/\/api.w.org\/{rel}","templated":true}]}}