{"id":2597,"date":"2021-01-11T19:58:49","date_gmt":"2021-01-11T18:58:49","guid":{"rendered":"https:\/\/ostschule.de\/schule\/?p=2597"},"modified":"2021-01-25T11:51:41","modified_gmt":"2021-01-25T10:51:41","slug":"wie-sicher-ist-der-corona-impfstoff","status":"publish","type":"post","link":"https:\/\/ostschule.de\/schule\/wie-sicher-ist-der-corona-impfstoff\/","title":{"rendered":"Wie sicher ist der Corona-Impfstoff?"},"content":{"rendered":"<p>Die Ferien sind vorbei und die Schule geht f&uuml;r die Abschlussklassen im Hause und f&uuml;r alle anderen vor den Bildschirmen und B&uuml;chern weiter. Wir haben mitbekommen, dass viele Missverst&auml;ndnisse wegen der neuen Impfstoffe in den Ferien besprochen worden sind. Viele haben mit ihren Familien dar&uuml;ber gesprochen und wir haben auch geh&ouml;rt, dass da eine Menge an Falschinformationen und Ger&uuml;chten durchs Netz gegegangen ist. Hinter dem Button gibt es ein gut recherchiertes Video &uuml;ber die Sicherheit der neuen mRNA-Wirkstoffe.<\/p>\n<p><!--more--><\/p>\n<p><iframe loading=\"lazy\" title=\"Corona: Wie sicher ist der Impfstoff? | Quarks\" width=\"790\" height=\"444\" src=\"https:\/\/www.youtube.com\/embed\/OIB6LBWVw8o?feature=oembed\" frameborder=\"0\" allow=\"accelerometer; autoplay; clipboard-write; encrypted-media; gyroscope; picture-in-picture\" allowfullscreen><\/iframe><\/p>\n","protected":false},"excerpt":{"rendered":"<p>Die Ferien sind vorbei und die Schule geht f\u00fcr die Abschlussklassen im Hause und f\u00fcr alle anderen vor den Bildschirmen und B\u00fcchern weiter. Wir haben mitbekommen, dass viele Missverst\u00e4ndnisse wegen der neuen Impfstoffe in den Ferien besprochen worden sind. Viele haben mit ihren Familien dar\u00fcber gesprochen und wir haben auch&#8230;<\/p>\n","protected":false},"author":2,"featured_media":2476,"comment_status":"closed","ping_status":"closed","sticky":false,"template":"","format":"standard","meta":{"_crdt_document":"","footnotes":""},"categories":[28],"tags":[203,210],"class_list":["post-2597","post","type-post","status-publish","format-standard","has-post-thumbnail","hentry","category-aktuelles","tag-corona","tag-video"],"_links":{"self":[{"href":"https:\/\/ostschule.de\/schule\/wp-json\/wp\/v2\/posts\/2597","targetHints":{"allow":["GET"]}}],"collection":[{"href":"https:\/\/ostschule.de\/schule\/wp-json\/wp\/v2\/posts"}],"about":[{"href":"https:\/\/ostschule.de\/schule\/wp-json\/wp\/v2\/types\/post"}],"author":[{"embeddable":true,"href":"https:\/\/ostschule.de\/schule\/wp-json\/wp\/v2\/users\/2"}],"replies":[{"embeddable":true,"href":"https:\/\/ostschule.de\/schule\/wp-json\/wp\/v2\/comments?post=2597"}],"version-history":[{"count":1,"href":"https:\/\/ostschule.de\/schule\/wp-json\/wp\/v2\/posts\/2597\/revisions"}],"predecessor-version":[{"id":2598,"href":"https:\/\/ostschule.de\/schule\/wp-json\/wp\/v2\/posts\/2597\/revisions\/2598"}],"wp:featuredmedia":[{"embeddable":true,"href":"https:\/\/ostschule.de\/schule\/wp-json\/wp\/v2\/media\/2476"}],"wp:attachment":[{"href":"https:\/\/ostschule.de\/schule\/wp-json\/wp\/v2\/media?parent=2597"}],"wp:term":[{"taxonomy":"category","embeddable":true,"href":"https:\/\/ostschule.de\/schule\/wp-json\/wp\/v2\/categories?post=2597"},{"taxonomy":"post_tag","embeddable":true,"href":"https:\/\/ostschule.de\/schule\/wp-json\/wp\/v2\/tags?post=2597"}],"curies":[{"name":"wp","href":"https:\/\/api.w.org\/{rel}","templated":true}]}}